{"id":346,"date":"2013-03-19T11:55:07","date_gmt":"2013-03-19T09:55:07","guid":{"rendered":"http:\/\/mihkel.reinumae.eu\/?p=346"},"modified":"2013-03-19T12:05:44","modified_gmt":"2013-03-19T10:05:44","slug":"kolmekuune-kaos","status":"publish","type":"post","link":"https:\/\/mihkel.reinumae.eu\/?p=346","title":{"rendered":"Kahekuune kaos&#8230;"},"content":{"rendered":"<p><img decoding=\"async\" loading=\"lazy\" class=\"aligncenter\" alt=\"\" src=\"http:\/\/dressedtoat.files.wordpress.com\/2010\/11\/black-friday-shopping-chaos_011.jpg\" width=\"494\" height=\"348\" \/><\/p>\n<p style=\"text-align: left;\">\u00a0Hei s\u00f5brad.<\/p>\n<p style=\"text-align: left;\">Nagu \u00fclaltoodud pildid oli ka minu blogis alates jaanuari kuust kaos. Ainult, et veel hullem kui Black Friday. Mis siis juhtus ja miks ei ole juba umbes kaks kuud \u00fchtegi postitust tulnud? Vastus on lihtne &#8211; ma ei tea. Hoolimata sellest, et blogi sain omal k\u00e4el loodud, ei jaga ma seda andmebaaside ega progremise v\u00e4rki ja juhtumisi just nii oligi, et tehes j\u00e4rjekordset WordPressi uuendust lakkas s\u00fcsteem t\u00f6\u00f6tamast. Tegelikult uuendus n\u00e4iliselt nagu kulges edukalt, kuid peale seda enam \u00fchtegi postitust teha ei saanud, l\u00f5i ainult trobikonna veateateid ette ja muud ei miskit. Kuna ma ise sellest asjast midagi ei jaga ja t\u00e4itsa nullist ka alustada ei tahtnud siis j\u00e4tsin esialgu asja nii nagu ta viimased kuud on olnud &#8211; puutumata kujul, et olemasolevat kraami saaks lugeda. Asusin otsima inimest kes viitsiks pilgu peale visata ja aidata probleem tuvastada ja k\u00f5rvaldada nii, et k\u00f5ik alles j\u00e4\u00e4ks. N\u00fc\u00fcdseks on eesm\u00e4rk saavutatud ja postitamise v\u00f5imalus taastatud. \u00dcritan j\u00e4tkata sealt, kust pooleli j\u00e4i, ehk siis \u00fclevaated, p\u00e4eva video, n\u00e4dala kokkuv\u00f5te jne&#8230; T\u00e4nud k\u00f5igile kes kannatasid ja ikka aeg ajalt blogi k\u00fclastasid (k\u00fclastamise aktiivsust on olnud ka viimased kaks kuud).<\/p>\n<p style=\"text-align: left;\">Vabandan ja loodan, et tulevikus sellist jama enam ei juhtu \ud83d\ude42<\/p>\n","protected":false},"excerpt":{"rendered":"<p>\u00a0Hei s\u00f5brad. Nagu \u00fclaltoodud pildid oli ka minu blogis alates jaanuari kuust kaos. Ainult, et veel hullem kui Black Friday. Mis siis juhtus ja miks ei ole juba umbes kaks kuud \u00fchtegi postitust tulnud? Vastus on lihtne &#8211; ma ei &hellip; <a href=\"https:\/\/mihkel.reinumae.eu\/?p=346\">J\u00e4tka lugemist <span class=\"meta-nav\">&rarr;<\/span><\/a><\/p>\n","protected":false},"author":1,"featured_media":0,"comment_status":"open","ping_status":"open","sticky":false,"template":"","format":"standard","meta":{"footnotes":""},"categories":[13],"tags":[],"_links":{"self":[{"href":"https:\/\/mihkel.reinumae.eu\/index.php?rest_route=\/wp\/v2\/posts\/346"}],"collection":[{"href":"https:\/\/mihkel.reinumae.eu\/index.php?rest_route=\/wp\/v2\/posts"}],"about":[{"href":"https:\/\/mihkel.reinumae.eu\/index.php?rest_route=\/wp\/v2\/types\/post"}],"author":[{"embeddable":true,"href":"https:\/\/mihkel.reinumae.eu\/index.php?rest_route=\/wp\/v2\/users\/1"}],"replies":[{"embeddable":true,"href":"https:\/\/mihkel.reinumae.eu\/index.php?rest_route=%2Fwp%2Fv2%2Fcomments&post=346"}],"version-history":[{"count":4,"href":"https:\/\/mihkel.reinumae.eu\/index.php?rest_route=\/wp\/v2\/posts\/346\/revisions"}],"predecessor-version":[{"id":350,"href":"https:\/\/mihkel.reinumae.eu\/index.php?rest_route=\/wp\/v2\/posts\/346\/revisions\/350"}],"wp:attachment":[{"href":"https:\/\/mihkel.reinumae.eu\/index.php?rest_route=%2Fwp%2Fv2%2Fmedia&parent=346"}],"wp:term":[{"taxonomy":"category","embeddable":true,"href":"https:\/\/mihkel.reinumae.eu\/index.php?rest_route=%2Fwp%2Fv2%2Fcategories&post=346"},{"taxonomy":"post_tag","embeddable":true,"href":"https:\/\/mihkel.reinumae.eu\/index.php?rest_route=%2Fwp%2Fv2%2Ftags&post=346"}],"curies":[{"name":"wp","href":"https:\/\/api.w.org\/{rel}","templated":true}]}}